{"id":1117,"date":"2023-11-28T17:59:13","date_gmt":"2023-11-28T17:59:13","guid":{"rendered":"https:\/\/rse.is\/?p=1117"},"modified":"2023-12-05T17:38:37","modified_gmt":"2023-12-05T17:38:37","slug":"adam-smith-300-ara","status":"publish","type":"post","link":"https:\/\/rse.is\/index.php\/2023\/11\/28\/adam-smith-300-ara\/","title":{"rendered":"Adam Smith 300 \u00e1ra"},"content":{"rendered":"\n<figure class=\"wp-block-image alignright size-large is-resized\"><img loading=\"lazy\" decoding=\"async\" width=\"683\" height=\"1024\" src=\"https:\/\/rse.is\/wp-content\/uploads\/2023\/11\/23-108-Dr-Craig-Smith-004-683x1024.jpg\" alt=\"\" class=\"wp-image-1121\" style=\"aspect-ratio:0.6669921875;width:346px;height:auto\" srcset=\"https:\/\/rse.is\/wp-content\/uploads\/2023\/11\/23-108-Dr-Craig-Smith-004-683x1024.jpg 683w, https:\/\/rse.is\/wp-content\/uploads\/2023\/11\/23-108-Dr-Craig-Smith-004-200x300.jpg 200w, https:\/\/rse.is\/wp-content\/uploads\/2023\/11\/23-108-Dr-Craig-Smith-004-768x1152.jpg 768w, https:\/\/rse.is\/wp-content\/uploads\/2023\/11\/23-108-Dr-Craig-Smith-004-1024x1536.jpg 1024w, https:\/\/rse.is\/wp-content\/uploads\/2023\/11\/23-108-Dr-Craig-Smith-004.jpg 1032w\" sizes=\"auto, (max-width: 683px) 100vw, 683px\" \/><\/figure>\n\n\n\n<p>\u00cd tilefni af 300 \u00e1ra afm\u00e6li Adams Smiths bo\u00f0ar Ranns\u00f3knarmi\u00f0st\u00f6\u00f0 um samf\u00e9lags- og efnahagsm\u00e1l, \u00ed samstarfi vi\u00f0 Hagfr\u00e6\u00f0ideild og Hagfr\u00e6\u00f0istofnun H\u00e1sk\u00f3la \u00cdslands, til m\u00e1lstofu mi\u00f0vikudaginn 6. desember kl. 16:20-17:20 \u00ed H\u00e1t\u00ed\u00f0asal H\u00e1sk\u00f3la \u00cdslands. \u00dear mun pr\u00f3fessor Craig Smith flytja erindi um<\/p>\n\n\n\n<p><em><strong>Adam Smith og hagfr\u00e6\u00f0i umb\u00f3ta og framfara<\/strong><\/em><\/p>\n\n\n\n<p>\u00cd erindi s\u00ednu mun pr\u00f3fessor Craig Smith fjalla um grundvallarhugmynd skosku uppl\u00fdsingarinnar um efnahags\u00fer\u00f3un. \u00de\u00e1 mun hann r\u00e6\u00f0a \u00fea\u00f0 hver tengslin eru milli hlutverka stj\u00f3rnvalda og aukinnar au\u00f0leg\u00f0ar \u00fej\u00f3\u00f0anna \u00ed hugmyndum Adams Smiths. Pr\u00f3fessor Craig Smith ber saman tv\u00e6r \u00f3l\u00edkar kenningar um efnahags\u00fer\u00f3un sem b\u00e1\u00f0ar eiga r\u00e6tur a\u00f0 rekja til Skotlands \u00e1tj\u00e1ndu aldar. \u00d6nnur byggir \u00e1 hugmynd James Steuart, forvera Adams Smith, hugmynd sem s\u00e1 s\u00ed\u00f0arnefndi hafna\u00f0i. Hin byggir \u00e1 hugmyndum Adams Smith um umb\u00e6tur og framfarir.<\/p>\n\n\n\n<p>Craig Smith er pr\u00f3fessor \u00ed s\u00f6gu stj\u00f3rnm\u00e1lahugmynda vi\u00f0 f\u00e9lags- og stj\u00f3rnm\u00e1lav\u00edsindasvi\u00f0 Glasgow-h\u00e1sk\u00f3la. Ranns\u00f3knir hans beinast a\u00f0 si\u00f0fer\u00f0is- og stj\u00f3rnm\u00e1lakenningum skosku uppl\u00fdsingarinnar. Hann er h\u00f6fundur ritanna: <em>Adam Smith&#8217;s Political Philosophy: the invisible hand and spontaneous order<\/em>; <em>Adam Ferguson and the Idea of Civil Society: moral science in the Scottich Enlightenment og Adam Smith<\/em>. Hann ritst\u00fdr\u00f0i, \u00e1samt \u00f6\u00f0rum, <em>The Oxford Handbook of Adam Smith<\/em> og <em>The Cambridge Companion to the Scottish Enlightenment<\/em>. \u00de\u00e1 er hann einnig n\u00fdr ritstj\u00f3ri <em>The Adam Smith Review<\/em>.<\/p>\n\n\n\n<p><\/p>\n\n\n\n<p>Fyrirlestur pr\u00f3fessors Craigs Smiths er hluti af fyrirlestrar\u00f6\u00f0inni <a href=\"https:\/\/www.gla.ac.uk\/explore\/adamsmith300\/\" target=\"_blank\" rel=\"noopener\" title=\"\"><strong>\u201eSmith around the world\u201c<\/strong><\/a> \u00ed tilefni 300 \u00e1ra afm\u00e6lis Adams Smiths.<\/p>\n\n\n\n<p>Bo\u00f0i\u00f0 ver\u00f0ur upp \u00e1 l\u00e9ttar veitingar a\u00f0 m\u00e1lstofu lokinni.<\/p>\n\n\n\n<p><\/p>\n\n\n\n<h2 class=\"wp-block-heading\"><\/h2>\n","protected":false},"excerpt":{"rendered":"<p>\u00cd tilefni af 300 \u00e1ra afm\u00e6li Adams Smiths bo\u00f0ar Ranns\u00f3knarmi\u00f0st\u00f6\u00f0 um samf\u00e9lags- og efnahagsm\u00e1l, \u00ed samstarfi vi\u00f0 Hagfr\u00e6\u00f0ideild og Hagfr\u00e6\u00f0istofnun H\u00e1sk\u00f3la \u00cdslands, til m\u00e1lstofu mi\u00f0vikudaginn 6. desember kl. 16:20-17:20 \u00ed H\u00e1t\u00ed\u00f0asal H\u00e1sk\u00f3la \u00cdslands. \u00dear mun pr\u00f3fessor Craig Smith flytja erindi um Adam Smith og hagfr\u00e6\u00f0i umb\u00f3ta og framfara \u00cd erindi s\u00ednu mun pr\u00f3fessor Craig Smith [&hellip;]<\/p>\n","protected":false},"author":2,"featured_media":0,"comment_status":"open","ping_status":"open","sticky":false,"template":"","format":"standard","meta":{"om_disable_all_campaigns":false,"_monsterinsights_skip_tracking":false,"_monsterinsights_sitenote_active":false,"_monsterinsights_sitenote_note":"","_monsterinsights_sitenote_category":0,"_uf_show_specific_survey":0,"_uf_disable_surveys":false,"footnotes":""},"categories":[6],"tags":[],"class_list":["post-1117","post","type-post","status-publish","format-standard","hentry","category-vidburdir"],"blocksy_meta":[],"aioseo_notices":[],"brizy_media":[],"_links":{"self":[{"href":"https:\/\/rse.is\/index.php\/wp-json\/wp\/v2\/posts\/1117","targetHints":{"allow":["GET"]}}],"collection":[{"href":"https:\/\/rse.is\/index.php\/wp-json\/wp\/v2\/posts"}],"about":[{"href":"https:\/\/rse.is\/index.php\/wp-json\/wp\/v2\/types\/post"}],"author":[{"embeddable":true,"href":"https:\/\/rse.is\/index.php\/wp-json\/wp\/v2\/users\/2"}],"replies":[{"embeddable":true,"href":"https:\/\/rse.is\/index.php\/wp-json\/wp\/v2\/comments?post=1117"}],"version-history":[{"count":14,"href":"https:\/\/rse.is\/index.php\/wp-json\/wp\/v2\/posts\/1117\/revisions"}],"predecessor-version":[{"id":1133,"href":"https:\/\/rse.is\/index.php\/wp-json\/wp\/v2\/posts\/1117\/revisions\/1133"}],"wp:attachment":[{"href":"https:\/\/rse.is\/index.php\/wp-json\/wp\/v2\/media?parent=1117"}],"wp:term":[{"taxonomy":"category","embeddable":true,"href":"https:\/\/rse.is\/index.php\/wp-json\/wp\/v2\/categories?post=1117"},{"taxonomy":"post_tag","embeddable":true,"href":"https:\/\/rse.is\/index.php\/wp-json\/wp\/v2\/tags?post=1117"}],"curies":[{"name":"wp","href":"https:\/\/api.w.org\/{rel}","templated":true}]}}