{"id":850,"date":"2022-03-28T20:37:52","date_gmt":"2022-03-28T20:37:52","guid":{"rendered":"https:\/\/rse.is\/?p=850"},"modified":"2022-03-29T20:38:00","modified_gmt":"2022-03-29T20:38:00","slug":"hagfraedi-i-hnotskurn","status":"publish","type":"post","link":"https:\/\/rse.is\/index.php\/2022\/03\/28\/hagfraedi-i-hnotskurn\/","title":{"rendered":"Hagfr\u00e6\u00f0i \u00ed hnotskurn"},"content":{"rendered":"\n<p>B\u00f3kaf\u00e9lagi\u00f0 Ugla og RSE hafa gefi\u00f0 \u00fat hi\u00f0 s\u00edgilda hagfr\u00e6\u00f0irit <em>Hagfr\u00e6\u00f0i \u00ed hnotskurn<\/em> eftir Henry Hazlitt, \u00ed \u00edslenskri \u00fe\u00fd\u00f0ingu Haraldar Johannessen ritstj\u00f3ra Vi\u00f0skiptabla\u00f0sins. \u00cd ritinu dregur Hazlitt saman \u00fdmis grunnatri\u00f0i hagfr\u00e6\u00f0innar og fjallar a\u00f0 auki um \u00fdmsar hagfr\u00e6\u00f0ilegar ranghugmyndir sem s\u00edfellt skj\u00f3ta upp kollinum \u00ed \u00fej\u00f3\u00f0f\u00e9lagsumr\u00e6\u00f0unni. Fyrsta \u00fatg\u00e1fa kom \u00fat \u00e1ri\u00f0 1946 og var\u00f0 strax mets\u00f6lub\u00f3k. Hefur h\u00fan selst \u00ed yfir millj\u00f3n eintaka.<\/p>\n\n\n\n<p>Riti\u00f0 kom fyrst \u00fat \u00e1 \u00edslensku \u00e1ri\u00f0 2000 og kemur n\u00fa \u00fat \u00ed annarri \u00fatg\u00e1fu a\u00f0 frumkv\u00e6\u00f0i RSE, n\u00e6r \u00f3breytt nema me\u00f0 n\u00fdjum inngangi Birgis \u00de\u00f3rs Run\u00f3lfssonar d\u00f3sents vi\u00f0 Vi\u00f0skipta- og hagfr\u00e6\u00f0ideild H\u00e1sk\u00f3la \u00cdslands. Inngangur Birgis \u00de\u00f3rs hefst \u00e1 tilvitnun \u00ed riti\u00f0 \u00fear sem Hazlitt dregur saman kjarnann \u00ed ritinu:<\/p>\n\n\n\n<p><em>\u201eHagfr\u00e6\u00f0in felst \u00ed \u00fev\u00ed a\u00f0 l\u00edta ekki a\u00f0eins \u00e1 skammt\u00edma\u00e1hrif stefnu e\u00f0a \u00e1kvar\u00f0ana heldur einnig \u00e1 langt\u00edma\u00e1hrifin, og a\u00f0 sko\u00f0a aflei\u00f0ingarnar ekki a\u00f0eins fyrir einn h\u00f3p heldur alla h\u00f3pa.\u201c<\/em><\/p>\n\n\n\n<p>Svo segir \u00ed inngangi:<\/p>\n\n\n\n<p><em>\u201e<\/em>\u00deegar Hazlitt gaf \u00fat n\u00faverandi \u00fatg\u00e1fu af Hagfr\u00e6\u00f0i \u00ed hnotskurn r\u00e9ttum tveimur \u00f6ldum s\u00ed\u00f0ar, taldi hann a\u00f0 \u00fatliti\u00f0 v\u00e6ri d\u00f6kkt, en ekki alveg vonlaust. Hann taldi m\u00f6gulegt a\u00f0 \u00fej\u00f3\u00f0ir heims sneru af rangri lei\u00f0 \u00e1\u00f0ur en ska\u00f0inn v\u00e6ri or\u00f0inn \u00f3b\u00e6tanlegur; einhverjir stj\u00f3rnm\u00e1lamenn v\u00e6ru jafnvel farnir a\u00f0 \u00e1tta sig \u00e1 \u00feessu. Vonir hans virtust r\u00e6tast um sinn \u00feegar stj\u00f3rnv\u00f6ld v\u00ed\u00f0svegar \u00e1 Vesturl\u00f6ndum breyttu \u00e1herslum \u00ed efnahagsm\u00e1lum og bo\u00f0u\u00f0u frj\u00e1lsari vi\u00f0skipti \u00e1 n\u00edunda og t\u00edunda \u00e1ratug 20. aldar. Til vi\u00f0b\u00f3tar f\u00e9ll efnahagskerfi komm\u00fanistar\u00edkjanna \u00ed Austur-Evr\u00f3pu og frj\u00e1lsari vi\u00f0skipti h\u00f3fu innrei\u00f0 s\u00edna \u00fear. Hazlitt taldi engu a\u00f0 s\u00ed\u00f0ur a\u00f0 lex\u00edan hef\u00f0i ekki veri\u00f0 n\u00e6gilega vel numin n\u00e9 heldur af n\u00e6gilega m\u00f6rgum. Ranghugmyndirnar voru enn til sta\u00f0ar, jafnvel r\u00f3tgr\u00f3nari \u00e1 vissum svi\u00f0um en \u00e1\u00f0ur, \u00fe\u00f3 \u00fdmsar ranghugmyndir hef\u00f0u hopa\u00f0 \u00e1 \u00f6\u00f0rum svi\u00f0um. \u00de\u00f3 a\u00f0 b\u00f3kin taki a\u00f0 mestu mi\u00f0 af bandar\u00edsku hagkerfi \u00ed d\u00e6mis\u00f6gum s\u00ednum, \u00e6tti \u00edslenskum lesendum flj\u00f3tlega a\u00f0 ver\u00f0a lj\u00f3st a\u00f0 \u00f6ll s\u00f6mu l\u00f6gm\u00e1l efnahagsl\u00edfs og hagsmunatogstreitu gilda h\u00e9r \u00e1 landi. Riti\u00f0 \u00e1 \u00fev\u00ed fullt erindi til okkar \u00cdslendinga sem og annarra \u00fej\u00f3\u00f0a.<em>\u201c<\/em><\/p>\n","protected":false},"excerpt":{"rendered":"<p>B\u00f3kaf\u00e9lagi\u00f0 Ugla og RSE hafa gefi\u00f0 \u00fat hi\u00f0 s\u00edgilda hagfr\u00e6\u00f0irit Hagfr\u00e6\u00f0i \u00ed hnotskurn eftir Henry Hazlitt, \u00ed \u00edslenskri \u00fe\u00fd\u00f0ingu Haraldar Johannessen ritstj\u00f3ra Vi\u00f0skiptabla\u00f0sins. \u00cd ritinu dregur Hazlitt saman \u00fdmis grunnatri\u00f0i hagfr\u00e6\u00f0innar og fjallar a\u00f0 auki um \u00fdmsar hagfr\u00e6\u00f0ilegar ranghugmyndir sem s\u00edfellt skj\u00f3ta upp kollinum \u00ed \u00fej\u00f3\u00f0f\u00e9lagsumr\u00e6\u00f0unni. Fyrsta \u00fatg\u00e1fa kom \u00fat \u00e1ri\u00f0 1946 og var\u00f0 strax [&hellip;]<\/p>\n","protected":false},"author":1,"featured_media":0,"comment_status":"open","ping_status":"open","sticky":false,"template":"","format":"standard","meta":{"om_disable_all_campaigns":false,"_monsterinsights_skip_tracking":false,"_monsterinsights_sitenote_active":false,"_monsterinsights_sitenote_note":"","_monsterinsights_sitenote_category":0,"_uf_show_specific_survey":0,"_uf_disable_surveys":false,"footnotes":""},"categories":[3,7],"tags":[12],"class_list":["post-850","post","type-post","status-publish","format-standard","hentry","category-fraedirit","category-utgafur","tag-efnahagsmal"],"blocksy_meta":{"styles_descriptor":{"styles":{"desktop":"","tablet":"","mobile":""},"google_fonts":[],"version":6}},"aioseo_notices":[],"brizy_media":[],"_links":{"self":[{"href":"https:\/\/rse.is\/index.php\/wp-json\/wp\/v2\/posts\/850","targetHints":{"allow":["GET"]}}],"collection":[{"href":"https:\/\/rse.is\/index.php\/wp-json\/wp\/v2\/posts"}],"about":[{"href":"https:\/\/rse.is\/index.php\/wp-json\/wp\/v2\/types\/post"}],"author":[{"embeddable":true,"href":"https:\/\/rse.is\/index.php\/wp-json\/wp\/v2\/users\/1"}],"replies":[{"embeddable":true,"href":"https:\/\/rse.is\/index.php\/wp-json\/wp\/v2\/comments?post=850"}],"version-history":[{"count":1,"href":"https:\/\/rse.is\/index.php\/wp-json\/wp\/v2\/posts\/850\/revisions"}],"predecessor-version":[{"id":852,"href":"https:\/\/rse.is\/index.php\/wp-json\/wp\/v2\/posts\/850\/revisions\/852"}],"wp:attachment":[{"href":"https:\/\/rse.is\/index.php\/wp-json\/wp\/v2\/media?parent=850"}],"wp:term":[{"taxonomy":"category","embeddable":true,"href":"https:\/\/rse.is\/index.php\/wp-json\/wp\/v2\/categories?post=850"},{"taxonomy":"post_tag","embeddable":true,"href":"https:\/\/rse.is\/index.php\/wp-json\/wp\/v2\/tags?post=850"}],"curies":[{"name":"wp","href":"https:\/\/api.w.org\/{rel}","templated":true}]}}